{"id":684,"date":"2015-10-02T10:39:16","date_gmt":"2015-10-02T08:39:16","guid":{"rendered":"http:\/\/agms.pwsz.pl\/wp_agms\/index.php\/2015\/10\/02\/inauguracja-roku-akademickiego-2015-2016-w-panstwowoej-wyzszej-szkole-zawodwoej-im-jakuba-z-paradyza\/"},"modified":"2015-10-02T10:39:16","modified_gmt":"2015-10-02T08:39:16","slug":"inauguracja-roku-akademickiego-2015-2016-w-panstwowoej-wyzszej-szkole-zawodwoej-im-jakuba-z-paradyza","status":"publish","type":"post","link":"http:\/\/alms.ajp.edu.pl\/index.php\/2015\/10\/02\/inauguracja-roku-akademickiego-2015-2016-w-panstwowoej-wyzszej-szkole-zawodwoej-im-jakuba-z-paradyza\/","title":{"rendered":"Inauguracja roku akademickiego 2015\/2016 w Pa\u0144stwowoej Wy\u017cszej Szkole Zawodwoej im. Jakuba z Parady\u017ca"},"content":{"rendered":"<p><img loading=\"lazy\" decoding=\"async\" class=\" size-full wp-image-101\" src=\"http:\/\/150.254.196.48\/wp-content\/uploads\/2015\/10\/b8292acafd72142128a3481ac4b0abff_XL.jpg\" alt=\"\" width=\"900\" height=\"506\" \/> <\/p>\n<p><span style=\"font-size: 12pt; line-height: 115%; font-family: Calibri;\">Tradycyjnie ju\u017c uczniowie i nauczyciele naszej szko\u0142y wzi\u0119li udzia\u0142 w inauguracji roku akademickiego 2015\/2016. <\/span><\/p>\n<p> <!--more--> <\/p>\n<p style=\"text-align: justify; text-indent: 35.4pt; line-height: 150%;\"><span style=\"font-size: 12pt; line-height: 150%;\">Uroczysto\u015bci rozpocz\u0119\u0142a msza w gorzowskiej katedrze, po kt&oacute;rej wzi\u0119li\u015bmy udzia\u0142 w przemarszu ulicami Gorzowa. Nasi uczniowie wyr&oacute;\u017cniali si\u0119 w\u015br&oacute;d innych uczestnik&oacute;w strojami sportowymi, ale te\u017c barwnymi strojami nawi\u0105zuj\u0105cymi do wcze\u015bniejszych epok.<\/span><\/p>\n<p style=\"text-align: justify; line-height: 150%;\"><span style=\"font-size: 12pt; line-height: 150%;\">Uczennice klasy drugiej uczestniczy\u0142y r&oacute;wnie\u017c w drugiej cz\u0119\u015bci uroczysto\u015bci, kt&oacute;ra odby\u0142a si\u0119 w Auli im. prof. S. Kirkora. Ch&oacute;r z\u0142o\u017cony z uczennic naszej szko\u0142y pod kierunkiem dr Joanny Rutkowskiej wykona\u0142 hymn pa\u0144stwowy i pie\u015b\u0144 &bdquo;Gaudeamus igitur&rdquo;. <\/span><\/p>\n","protected":false},"excerpt":{"rendered":"<p>Tradycyjnie ju\u017c uczniowie i nauczyciele naszej szko\u0142y wzi\u0119li udzia\u0142 w inauguracji roku akademickiego 2015\/2016.<\/p>\n","protected":false},"author":1,"featured_media":101,"comment_status":"closed","ping_status":"closed","sticky":false,"template":"","format":"standard","meta":{"footnotes":""},"categories":[2],"tags":[],"class_list":["post-684","post","type-post","status-publish","format-standard","has-post-thumbnail","hentry","category-aktualnosci"],"_links":{"self":[{"href":"http:\/\/alms.ajp.edu.pl\/index.php\/wp-json\/wp\/v2\/posts\/684","targetHints":{"allow":["GET"]}}],"collection":[{"href":"http:\/\/alms.ajp.edu.pl\/index.php\/wp-json\/wp\/v2\/posts"}],"about":[{"href":"http:\/\/alms.ajp.edu.pl\/index.php\/wp-json\/wp\/v2\/types\/post"}],"author":[{"embeddable":true,"href":"http:\/\/alms.ajp.edu.pl\/index.php\/wp-json\/wp\/v2\/users\/1"}],"replies":[{"embeddable":true,"href":"http:\/\/alms.ajp.edu.pl\/index.php\/wp-json\/wp\/v2\/comments?post=684"}],"version-history":[{"count":0,"href":"http:\/\/alms.ajp.edu.pl\/index.php\/wp-json\/wp\/v2\/posts\/684\/revisions"}],"wp:featuredmedia":[{"embeddable":true,"href":"http:\/\/alms.ajp.edu.pl\/index.php\/wp-json\/"}],"wp:attachment":[{"href":"http:\/\/alms.ajp.edu.pl\/index.php\/wp-json\/wp\/v2\/media?parent=684"}],"wp:term":[{"taxonomy":"category","embeddable":true,"href":"http:\/\/alms.ajp.edu.pl\/index.php\/wp-json\/wp\/v2\/categories?post=684"},{"taxonomy":"post_tag","embeddable":true,"href":"http:\/\/alms.ajp.edu.pl\/index.php\/wp-json\/wp\/v2\/tags?post=684"}],"curies":[{"name":"wp","href":"https:\/\/api.w.org\/{rel}","templated":true}]}}