{"id":6731,"date":"2019-02-28T08:03:35","date_gmt":"2019-02-28T07:03:35","guid":{"rendered":"http:\/\/agms.ajp.edu.pl\/?p=6731"},"modified":"2019-02-28T08:12:26","modified_gmt":"2019-02-28T07:12:26","slug":"konkurs-matematyka-bez-granic","status":"publish","type":"post","link":"http:\/\/alms.ajp.edu.pl\/index.php\/2019\/02\/28\/konkurs-matematyka-bez-granic\/","title":{"rendered":"Konkurs \u201eMatematyka Bez Granic\u201d"},"content":{"rendered":"\n<figure class=\"wp-block-image\"><img loading=\"lazy\" decoding=\"async\" width=\"1024\" height=\"768\" src=\"http:\/\/agms.ajp.edu.pl\/wp-content\/uploads\/2019\/02\/IMG_0212-1024x768.jpg\" alt=\"\" class=\"wp-image-6732\" srcset=\"http:\/\/alms.ajp.edu.pl\/wp-content\/uploads\/2019\/02\/IMG_0212-1024x768.jpg 1024w, http:\/\/alms.ajp.edu.pl\/wp-content\/uploads\/2019\/02\/IMG_0212-300x225.jpg 300w, http:\/\/alms.ajp.edu.pl\/wp-content\/uploads\/2019\/02\/IMG_0212-768x576.jpg 768w\" sizes=\"auto, (max-width: 1024px) 100vw, 1024px\" \/><\/figure>\n\n\n\n<p>26 lutego uczniowie naszej szko\u0142y wzi\u0119li udzia\u0142 w finale XXX \nMi\u0119dzynarodowego konkursu \u201eMatematyka Bez Granic\u201d.<br><\/p>\n\n\n\n<p>Celem konkursu \u201eMath\u00e9matiques Sans Fronti\u00e8res\u201d jest zbli\u017cenie \nmi\u0119dzy krajami i miastami Unii Europejskiej, szko\u0142ami publicznymi i \nniepublicznymi, matematyk\u0105 i j\u0119zykami obcymi. Fina\u0142 Konkursu odbywa si\u0119 w lutym \nw tym samym dniu i o tej samej godzinie we wszystkich szko\u0142ach, w kt\u00f3rych \nkszta\u0142c\u0105 si\u0119 uczestnicy konkursu z r\u00f3\u017cnych kraj\u00f3w Europy. Gimnazjali\u015bci \nrozwi\u0105zywali dziesi\u0119\u0107, a liceali\u015bci trzyna\u015bcie zada\u0144, z kt\u00f3rych jedno napisane \nby\u0142o w j\u0119zyku obcym. Odpowiedzi wys\u0142ane zosta\u0142y do Komitetu Regionalnego, gdzie \nzostan\u0105 sprawdzone i ocenione.<br><\/p>\n\n\n\n<p>Wyniki konkursu poznamy na prze\u0142omie maja i czerwca, ale ju\u017c \ndzi\u015b wiemy, \u017ce wytrwa\u0142o\u015b\u0107, zaanga\u017cowanie i praca w zespole licz\u0105 si\u0119 nie tylko \nna boisku, ale tak\u017ce w zawodach matematycznych.<br><\/p>\n","protected":false},"excerpt":{"rendered":"<p>26 lutego uczniowie naszej szko\u0142y wzi\u0119li udzia\u0142 w finale XXX Mi\u0119dzynarodowego konkursu \u201eMatematyka Bez Granic\u201d. Celem konkursu \u201eMath\u00e9matiques Sans Fronti\u00e8res\u201d jest zbli\u017cenie mi\u0119dzy krajami i miastami Unii Europejskiej, szko\u0142ami publicznymi i niepublicznymi, matematyk\u0105 i j\u0119zykami obcymi. Fina\u0142 Konkursu odbywa si\u0119&hellip; <\/p>\n","protected":false},"author":2,"featured_media":6732,"comment_status":"closed","ping_status":"closed","sticky":false,"template":"","format":"standard","meta":{"footnotes":""},"categories":[2],"tags":[],"class_list":["post-6731","post","type-post","status-publish","format-standard","has-post-thumbnail","hentry","category-aktualnosci"],"_links":{"self":[{"href":"http:\/\/alms.ajp.edu.pl\/index.php\/wp-json\/wp\/v2\/posts\/6731","targetHints":{"allow":["GET"]}}],"collection":[{"href":"http:\/\/alms.ajp.edu.pl\/index.php\/wp-json\/wp\/v2\/posts"}],"about":[{"href":"http:\/\/alms.ajp.edu.pl\/index.php\/wp-json\/wp\/v2\/types\/post"}],"author":[{"embeddable":true,"href":"http:\/\/alms.ajp.edu.pl\/index.php\/wp-json\/wp\/v2\/users\/2"}],"replies":[{"embeddable":true,"href":"http:\/\/alms.ajp.edu.pl\/index.php\/wp-json\/wp\/v2\/comments?post=6731"}],"version-history":[{"count":1,"href":"http:\/\/alms.ajp.edu.pl\/index.php\/wp-json\/wp\/v2\/posts\/6731\/revisions"}],"predecessor-version":[{"id":6733,"href":"http:\/\/alms.ajp.edu.pl\/index.php\/wp-json\/wp\/v2\/posts\/6731\/revisions\/6733"}],"wp:featuredmedia":[{"embeddable":true,"href":"http:\/\/alms.ajp.edu.pl\/index.php\/wp-json\/wp\/v2\/media\/6732"}],"wp:attachment":[{"href":"http:\/\/alms.ajp.edu.pl\/index.php\/wp-json\/wp\/v2\/media?parent=6731"}],"wp:term":[{"taxonomy":"category","embeddable":true,"href":"http:\/\/alms.ajp.edu.pl\/index.php\/wp-json\/wp\/v2\/categories?post=6731"},{"taxonomy":"post_tag","embeddable":true,"href":"http:\/\/alms.ajp.edu.pl\/index.php\/wp-json\/wp\/v2\/tags?post=6731"}],"curies":[{"name":"wp","href":"https:\/\/api.w.org\/{rel}","templated":true}]}}