{"id":659,"date":"2014-09-10T00:00:00","date_gmt":"2014-09-09T22:00:00","guid":{"rendered":"http:\/\/agms.pwsz.pl\/wp_agms\/index.php\/2014\/09\/10\/narodowe-czytanie-relacja\/"},"modified":"2014-09-10T00:00:00","modified_gmt":"2014-09-09T22:00:00","slug":"narodowe-czytanie-relacja","status":"publish","type":"post","link":"http:\/\/alms.ajp.edu.pl\/index.php\/2014\/09\/10\/narodowe-czytanie-relacja\/","title":{"rendered":"NARODOWE CZYTANIE &#8211; RELACJA"},"content":{"rendered":"<p><img loading=\"lazy\" decoding=\"async\" class=\" size-full wp-image-36\" src=\"http:\/\/150.254.196.48\/wp-content\/uploads\/2014\/09\/1c0ae2205709722b62e843abc0471a55_XL.jpg\" alt=\"\" width=\"900\" height=\"1286\" \/> <\/p>\n<p style=\"text-align: center;\" align=\"center\"><strong>Narodowe czytanie w Akademickim Gimnazjum Mistrzostwa Sportowego <\/strong><\/p>\n<p style=\"text-align: center;\" align=\"center\"><strong>w Gorzowie Wielkopolskim<\/strong><\/p>\n<p style=\"text-indent: 35.4pt;\">W tym roki ju\u017c po raz trzeci odby\u0142a si\u0119 og\u00f3lnopolska akcja Narodowe Czytanie,<\/p>\n<p>&nbsp;<\/p>\n<p> <!--more--> <\/p>\n<p style=\"margin-right: -9.4pt; text-align: justify;\"><span style=\"font-size: 12pt; font-family: times new roman,times; color: black; background: none repeat scroll 0% 0% white;\"><\/span>zainicjowana przez Prezydenta Rzeczypospolitej Polskiej Bronis\u0142awa Komorowskiego. Jej podstawowym celem jest popularyzacja czytelnictwa w\u015br\u00f3d m\u0142odych ludzi. Po raz pierwszy akcja odby\u0142a si\u0119 dwa lata temu w warszawskim Parku Saskim. Zosta\u0142 wtedy przeczytany jeden z poemat\u00f3w Adama Mickiewicza \u2013 <em>Pan Tadeusz<\/em>. W ubieg\u0142ym roku w ponad&nbsp;&nbsp;&nbsp;&nbsp;&nbsp;&nbsp;&nbsp;&nbsp;&nbsp;&nbsp;&nbsp;&nbsp; 700 miejscowo\u015bciach w ca\u0142ej Polsce odby\u0142o si\u0119 wsp\u00f3lne czytanie r\u00f3\u017cnych dzie\u0142 Aleksandra Fredry.<\/p>\n<p>&nbsp;&nbsp;&nbsp;&nbsp;&nbsp;&nbsp;&nbsp;&nbsp;&nbsp;&nbsp;&nbsp; Tegoroczna akcja by\u0142a po\u015bwi\u0119cano lekturze <strong><em>Trylogii<\/em> Henryka Sienkiewicza<\/strong>. Ten przepojony duchem polsko\u015bci i g\u0142\u0119bokiego patriotyzmu cykl powie\u015bci od dziesi\u0105tk\u00f3w lat kszta\u0142tuje historyczn\u0105 wyobra\u017ani\u0119 Polak\u00f3w.<\/p>\n<p>&#8211;<em>Narodowe czytanie stanowi wspania\u0142\u0105 okazj\u0119, by raz jeszcze prze\u017cy\u0107 zapieraj\u0105ce dech w piersiach przygody Sienkiewiczowskich bohater\u00f3w<\/em> \u2013 wyja\u015bni\u0142 inicjator akcji, prezydent Bronis\u0142aw Komorowski. &#8211;<em>Bo cho\u0107 doskonale znamy tre\u015b\u0107 jego ksi\u0105\u017cek, to przecie\u017c podczas ka\u017cdej kolejnej lektury na nowo trzymamy kciuki za Kmicica, Wo\u0142odyjowskiego czy Skrzetuskiego. Wsp\u00f3lna lektura to r\u00f3wnie\u017c doskona\u0142y moment, by odczyta\u0107 ten tekst na nowo, by zada\u0107 mu wsp\u00f3\u0142czesne pytania, zastanowi\u0107 si\u0119 nad tym, co m\u00f3wi nam dzi\u015b o Polsce i Polakach. Dlatego zapraszam wszystkich Pa\u0144stwa, aby\u015bmy razem przeczytali \u201eTrylogi\u0119\u201d Henryka Sienkiewicz, pami\u0119taj\u0105c o tym, i\u017c najwybitniejsze dzie\u0142a rodzimej literatury tak pi\u0119knie jednocz\u0105 nas jako wsp\u00f3lnot\u0119, wzmacniaj\u0105 polsk\u0105 to\u017csamo\u015b\u0107 i narodow\u0105 dum\u0119.<\/em><\/p>\n<p style=\"text-indent: 35.4pt;\">Tegoroczna akcja odby\u0142a si\u0119 r\u00f3wnie\u017c w Akademickim Gimnazjum Mistrzostwa Sportowego. W pi\u0105tek, 5 wrze\u015bnia, na ka\u017cdej lekcji dziewczyny z zaciekawieniem i pasj\u0105 s\u0142ucha\u0142y fragment\u00f3w powie\u015bci <em>Potop. <\/em>Uczennice bardzo si\u0119 cieszy\u0142y, \u017ce mog\u0105 wys\u0142ucha\u0107 tak ciekawego utworu i us\u0142ysze\u0107 dawny, trudny, lecz pi\u0119kny j\u0119zyk ojczysty. Zapytali\u015bmy jedn\u0105 z uczennic, co s\u0105dzi o akcji Narodowe Czytanie:<\/p>\n<p><em>-Podoba mi si\u0119, poniewa\u017c przypomina nam, m\u0142odym Polakom, \u017ce warto czyta\u0107 ksi\u0105zki &#8211; powiedzia\u0142a Weronika \u2013 dzi\u0119ki nim mo\u017cemy pozna\u0107 ciekawe historie i poszerzy\u0107 wyobra\u017anie. Jak to powiedzia\u0142 Albert Einstein, \u201eWyobra\u017ania jest wa\u017cniejsza od wiedzy, poniewa\u017c wiedza jest ograniczona\u201d.<\/em><\/p>\n<p style=\"text-indent: 35.4pt;\">M\u0142ode zawodniczki mia\u0142y te\u017c szans\u0119 same przeczyta\u0107 kawa\u0142ek utworu. Spytane, co s\u0105dz\u0105 o j\u0119zyku ich przysz\u0142ej lektury, odpowiedzia\u0142y ch\u00f3rem, \u017ce uwa\u017caj\u0105 go za trudny. Mamy jednak nadziej\u0119, \u017ce pierwszoklasistki z czasem przyzwyczaj\u0105 si\u0119 do j\u0119zyka do\u015b\u0107 odleg\u0142ego od ich codziennej polszczyzny \ud83d\ude09<\/p>\n<p style=\"margin-right: -9.4pt; text-align: justify;\">&nbsp;Weronika \u0141uc, kl.I<\/p>\n","protected":false},"excerpt":{"rendered":"<p>Narodowe czytanie w Akademickim Gimnazjum Mistrzostwa Sportowego w Gorzowie Wielkopolskim W tym roki ju\u017c po raz trzeci odby\u0142a si\u0119 og\u00f3lnopolska akcja Narodowe Czytanie, &nbsp;<\/p>\n","protected":false},"author":1,"featured_media":36,"comment_status":"closed","ping_status":"closed","sticky":false,"template":"","format":"standard","meta":{"footnotes":""},"categories":[2],"tags":[],"class_list":["post-659","post","type-post","status-publish","format-standard","has-post-thumbnail","hentry","category-aktualnosci"],"_links":{"self":[{"href":"http:\/\/alms.ajp.edu.pl\/index.php\/wp-json\/wp\/v2\/posts\/659","targetHints":{"allow":["GET"]}}],"collection":[{"href":"http:\/\/alms.ajp.edu.pl\/index.php\/wp-json\/wp\/v2\/posts"}],"about":[{"href":"http:\/\/alms.ajp.edu.pl\/index.php\/wp-json\/wp\/v2\/types\/post"}],"author":[{"embeddable":true,"href":"http:\/\/alms.ajp.edu.pl\/index.php\/wp-json\/wp\/v2\/users\/1"}],"replies":[{"embeddable":true,"href":"http:\/\/alms.ajp.edu.pl\/index.php\/wp-json\/wp\/v2\/comments?post=659"}],"version-history":[{"count":0,"href":"http:\/\/alms.ajp.edu.pl\/index.php\/wp-json\/wp\/v2\/posts\/659\/revisions"}],"wp:featuredmedia":[{"embeddable":true,"href":"http:\/\/alms.ajp.edu.pl\/index.php\/wp-json\/"}],"wp:attachment":[{"href":"http:\/\/alms.ajp.edu.pl\/index.php\/wp-json\/wp\/v2\/media?parent=659"}],"wp:term":[{"taxonomy":"category","embeddable":true,"href":"http:\/\/alms.ajp.edu.pl\/index.php\/wp-json\/wp\/v2\/categories?post=659"},{"taxonomy":"post_tag","embeddable":true,"href":"http:\/\/alms.ajp.edu.pl\/index.php\/wp-json\/wp\/v2\/tags?post=659"}],"curies":[{"name":"wp","href":"https:\/\/api.w.org\/{rel}","templated":true}]}}