{"id":265,"date":"2016-03-07T08:34:10","date_gmt":"2016-03-07T07:34:10","guid":{"rendered":"http:\/\/150.254.196.48\/?p=265"},"modified":"2016-03-07T08:34:10","modified_gmt":"2016-03-07T07:34:10","slug":"konferencja-curie-talks","status":"publish","type":"post","link":"http:\/\/alms.ajp.edu.pl\/index.php\/2016\/03\/07\/konferencja-curie-talks\/","title":{"rendered":"Konferencja Curie Talks"},"content":{"rendered":"<div class=\"itemIntroText\">\n<p style=\"text-align: justify;\">W czwartek 25.02. dwunastu uczni\u00f3w naszej szko\u0142y pod opiek\u0105 nauczycielki j\u0119zyka angielskiego p. Magdaleny Markowskiej uda\u0142o si\u0119 do II Liceum Og\u00f3lnokszta\u0142c\u0105cego im M. Sk\u0142odowskiej-Curie na konferencj\u0119 Curie Talks.<\/p>\n<\/div>\n<div class=\"itemFullText\">\n<p style=\"text-align: justify;\">Konferencja ta po\u015bwi\u0119cona by\u0142a pasjom m\u0142odych ludzi- licealist\u00f3w i gimnazjalist\u00f3w- i oni sami tego dnia o swoich zainteresowaniach opowiadali w j\u0119zyku angielskim.<\/p>\n<p style=\"text-align: justify;\"><img loading=\"lazy\" decoding=\"async\" class=\"size-medium wp-image-268 alignleft\" src=\"http:\/\/150.254.196.48\/wp-content\/uploads\/2016\/03\/DSC_0033-300x225.jpg\" alt=\"DSC_0033\" width=\"300\" height=\"225\" srcset=\"http:\/\/alms.ajp.edu.pl\/wp-content\/uploads\/2016\/03\/DSC_0033-300x225.jpg 300w, http:\/\/alms.ajp.edu.pl\/wp-content\/uploads\/2016\/03\/DSC_0033-768x576.jpg 768w, http:\/\/alms.ajp.edu.pl\/wp-content\/uploads\/2016\/03\/DSC_0033-1024x768.jpg 1024w\" sizes=\"auto, (max-width: 300px) 100vw, 300px\" \/><\/p>\n<p style=\"text-align: justify;\">Konferencj\u0119 rozpocz\u0119\u0142a p. Barbara Basi\u0144ska, m\u00f3wi\u0105c niezwykle zajmuj\u0105co o potrzebie s\u0142uchania samego siebie. G\u0142os po niej zabra\u0142 Prezydent Gorzowa Wlkp. p. Jacek W\u00f3jcicki, kt\u00f3ry m\u00f3wi\u0142 uczniom o tym, \u017ce zawsze jest co\u015b, co si\u0119 op\u0142aca i co\u015b, co warto i \u017ce w \u017cyciu trzeba by\u0107 odwa\u017cnym. \u201e Je\u015bli potrafisz o czym\u015b marzy\u0107, potrafisz tak\u017ce tego dokona\u0107\u201d- m\u00f3wi\u0142 za Waltem Disneyem. Nasz\u0105 m\u0142odzie\u017c zauroczy\u0142 wyznaniem o swojej pasji prowadzenia ci\u0119\u017car\u00f3wki. Uczennica II LO Maja Pieczy\u0144ska opowiedzia\u0142a historie trzech Wielkich XX wieku, kt\u00f3rych do sukcesu poprowadzi\u0142a wyboista droga pora\u017cek: Alberta Einsteina, Walta Disneya i Michaela Jordana. Jako ostatni w cz\u0119\u015bci powitalnej g\u0142os zabra\u0142 dr Przemy<img loading=\"lazy\" decoding=\"async\" class=\"size-medium wp-image-267 alignright\" src=\"http:\/\/150.254.196.48\/wp-content\/uploads\/2016\/03\/DSC_0032-300x225.jpg\" alt=\"DSC_0032\" width=\"300\" height=\"225\" srcset=\"http:\/\/alms.ajp.edu.pl\/wp-content\/uploads\/2016\/03\/DSC_0032-300x225.jpg 300w, http:\/\/alms.ajp.edu.pl\/wp-content\/uploads\/2016\/03\/DSC_0032-768x576.jpg 768w, http:\/\/alms.ajp.edu.pl\/wp-content\/uploads\/2016\/03\/DSC_0032-1024x768.jpg 1024w\" sizes=\"auto, (max-width: 300px) 100vw, 300px\" \/>s\u0142aw Pieczy\u0144ski , kt\u00f3ry m\u00f3wi\u0142 o potrzebie odnalezienia swojej drogi i byciu w tym elastycznym, bo \u201e\u017cycie to improwizacja, ale trzeba by\u0107 na tak\u201d.<\/p>\n<p style=\"text-align: justify;\">Nast\u0119pnie przysz\u0142a pora na wyst\u0105pienia w j\u0119zyku angielskim. Wys\u0142uchali\u015bmy opowie\u015bci dw\u00f3ch uczni\u00f3w II LO i musieli\u015bmy opu\u015bci\u0107 mury szko\u0142y, wzywa\u0142a nas proza \u017cycia. Dzi\u0119kujemy organizatorom konferencji za bardzo mi\u0142e, \u017cyczliwe przyj\u0119cie i mamy nadziej\u0119, \u017ce jeszcze si\u0119 spotkamy. Jeste\u015bmy na tak.<\/p>\n<p style=\"text-align: center;\">\u00a0\u00a0\u00a0 <img loading=\"lazy\" decoding=\"async\" class=\"size-medium wp-image-266 aligncenter\" src=\"http:\/\/150.254.196.48\/wp-content\/uploads\/2016\/03\/DSC_0031-300x225.jpg\" alt=\"DSC_0031\" width=\"300\" height=\"225\" srcset=\"http:\/\/alms.ajp.edu.pl\/wp-content\/uploads\/2016\/03\/DSC_0031-300x225.jpg 300w, http:\/\/alms.ajp.edu.pl\/wp-content\/uploads\/2016\/03\/DSC_0031-768x576.jpg 768w, http:\/\/alms.ajp.edu.pl\/wp-content\/uploads\/2016\/03\/DSC_0031-1024x768.jpg 1024w\" sizes=\"auto, (max-width: 300px) 100vw, 300px\" \/><\/p>\n<\/div>\n","protected":false},"excerpt":{"rendered":"<p>W czwartek 25.02. dwunastu uczni\u00f3w naszej szko\u0142y pod opiek\u0105 nauczycielki j\u0119zyka angielskiego p. Magdaleny Markowskiej uda\u0142o si\u0119 do II Liceum Og\u00f3lnokszta\u0142c\u0105cego im M. Sk\u0142odowskiej-Curie na konferencj\u0119 Curie Talks. Konferencja ta po\u015bwi\u0119cona by\u0142a pasjom m\u0142odych ludzi- licealist\u00f3w i gimnazjalist\u00f3w- i oni&hellip; <\/p>\n","protected":false},"author":1,"featured_media":268,"comment_status":"closed","ping_status":"closed","sticky":false,"template":"","format":"standard","meta":{"footnotes":""},"categories":[2],"tags":[],"class_list":["post-265","post","type-post","status-publish","format-standard","has-post-thumbnail","hentry","category-aktualnosci"],"_links":{"self":[{"href":"http:\/\/alms.ajp.edu.pl\/index.php\/wp-json\/wp\/v2\/posts\/265","targetHints":{"allow":["GET"]}}],"collection":[{"href":"http:\/\/alms.ajp.edu.pl\/index.php\/wp-json\/wp\/v2\/posts"}],"about":[{"href":"http:\/\/alms.ajp.edu.pl\/index.php\/wp-json\/wp\/v2\/types\/post"}],"author":[{"embeddable":true,"href":"http:\/\/alms.ajp.edu.pl\/index.php\/wp-json\/wp\/v2\/users\/1"}],"replies":[{"embeddable":true,"href":"http:\/\/alms.ajp.edu.pl\/index.php\/wp-json\/wp\/v2\/comments?post=265"}],"version-history":[{"count":1,"href":"http:\/\/alms.ajp.edu.pl\/index.php\/wp-json\/wp\/v2\/posts\/265\/revisions"}],"predecessor-version":[{"id":269,"href":"http:\/\/alms.ajp.edu.pl\/index.php\/wp-json\/wp\/v2\/posts\/265\/revisions\/269"}],"wp:featuredmedia":[{"embeddable":true,"href":"http:\/\/alms.ajp.edu.pl\/index.php\/wp-json\/wp\/v2\/media\/268"}],"wp:attachment":[{"href":"http:\/\/alms.ajp.edu.pl\/index.php\/wp-json\/wp\/v2\/media?parent=265"}],"wp:term":[{"taxonomy":"category","embeddable":true,"href":"http:\/\/alms.ajp.edu.pl\/index.php\/wp-json\/wp\/v2\/categories?post=265"},{"taxonomy":"post_tag","embeddable":true,"href":"http:\/\/alms.ajp.edu.pl\/index.php\/wp-json\/wp\/v2\/tags?post=265"}],"curies":[{"name":"wp","href":"https:\/\/api.w.org\/{rel}","templated":true}]}}