{"id":11036,"date":"2024-04-24T10:52:40","date_gmt":"2024-04-24T08:52:40","guid":{"rendered":"http:\/\/alms.ajp.edu.pl\/?p=11036"},"modified":"2024-04-24T10:52:41","modified_gmt":"2024-04-24T08:52:41","slug":"dzien-otwarty-w-alms","status":"publish","type":"post","link":"http:\/\/alms.ajp.edu.pl\/index.php\/2024\/04\/24\/dzien-otwarty-w-alms\/","title":{"rendered":"Dzie\u0144 otwarty w ALMS"},"content":{"rendered":"\n<figure class=\"wp-block-image size-large\"><img loading=\"lazy\" decoding=\"async\" width=\"1024\" height=\"768\" src=\"http:\/\/alms.ajp.edu.pl\/wp-content\/uploads\/2024\/04\/1-1024x768.jpg\" alt=\"\" class=\"wp-image-11037\" srcset=\"http:\/\/alms.ajp.edu.pl\/wp-content\/uploads\/2024\/04\/1-1024x768.jpg 1024w, http:\/\/alms.ajp.edu.pl\/wp-content\/uploads\/2024\/04\/1-300x225.jpg 300w, http:\/\/alms.ajp.edu.pl\/wp-content\/uploads\/2024\/04\/1-768x576.jpg 768w, http:\/\/alms.ajp.edu.pl\/wp-content\/uploads\/2024\/04\/1-1536x1152.jpg 1536w, http:\/\/alms.ajp.edu.pl\/wp-content\/uploads\/2024\/04\/1.jpg 2048w\" sizes=\"auto, (max-width: 1024px) 100vw, 1024px\" \/><\/figure>\n\n\n\n<p>Za nami Dzie\u0144 Otwarty ALMS, kt\u00f3ry by\u0142 bardzo emocjonuj\u0105cym wydarzeniem.<\/p>\n\n\n\n<p>Dzi\u0119kujemy naszym go\u015bciom za przybycie i du\u017ce zainteresowanie szko\u0142\u0105.<\/p>\n\n\n\n<p>Naszym uczniom, ich rodzicom, nauczycielom oraz trenerom, naszej nieocenionej pani Violi, pani Asi oraz panu Markowi dzi\u0119kujemy za zaanga\u017cowanie, ogrom pracy i pozytywn\u0105 energi\u0119. Wsp\u00f3\u0142organizatorami dnia otwartego by\u0142y kluby AZS AJP Gorz\u00f3w oraz KS Stilon. Dzi\u0119kujemy za u\u015bwietnienie naszego wydarzenia i liczn\u0105 reprezentacj\u0119. A Akademii <a><\/a>im. Jakuba z Parady\u017ca dzi\u0119kujemy za patronat i ogromne wsparcie.<\/p>\n\n\n\n<p>Zapraszamy na fotorelacje na FB<img loading=\"lazy\" decoding=\"async\" height=\"16\" width=\"16\" src=\"https:\/\/static.xx.fbcdn.net\/images\/emoji.php\/v9\/tfb\/1\/16\/263a.png\" alt=\"\u263a\ufe0f\"><\/p>\n\n\n\n<p>Organizatorzy: E. B\u0142aszczak, D. Kowalska, P. Pieczy\u0144ski<\/p>\n","protected":false},"excerpt":{"rendered":"<p>Za nami Dzie\u0144 Otwarty ALMS, kt\u00f3ry by\u0142 bardzo emocjonuj\u0105cym wydarzeniem. Dzi\u0119kujemy naszym go\u015bciom za przybycie i du\u017ce zainteresowanie szko\u0142\u0105. Naszym uczniom, ich rodzicom, nauczycielom oraz trenerom, naszej nieocenionej pani Violi, pani Asi oraz panu Markowi dzi\u0119kujemy za zaanga\u017cowanie, ogrom pracy&hellip; <\/p>\n","protected":false},"author":2,"featured_media":11037,"comment_status":"closed","ping_status":"closed","sticky":false,"template":"","format":"standard","meta":{"footnotes":""},"categories":[2],"tags":[],"class_list":["post-11036","post","type-post","status-publish","format-standard","has-post-thumbnail","hentry","category-aktualnosci"],"_links":{"self":[{"href":"http:\/\/alms.ajp.edu.pl\/index.php\/wp-json\/wp\/v2\/posts\/11036","targetHints":{"allow":["GET"]}}],"collection":[{"href":"http:\/\/alms.ajp.edu.pl\/index.php\/wp-json\/wp\/v2\/posts"}],"about":[{"href":"http:\/\/alms.ajp.edu.pl\/index.php\/wp-json\/wp\/v2\/types\/post"}],"author":[{"embeddable":true,"href":"http:\/\/alms.ajp.edu.pl\/index.php\/wp-json\/wp\/v2\/users\/2"}],"replies":[{"embeddable":true,"href":"http:\/\/alms.ajp.edu.pl\/index.php\/wp-json\/wp\/v2\/comments?post=11036"}],"version-history":[{"count":1,"href":"http:\/\/alms.ajp.edu.pl\/index.php\/wp-json\/wp\/v2\/posts\/11036\/revisions"}],"predecessor-version":[{"id":11038,"href":"http:\/\/alms.ajp.edu.pl\/index.php\/wp-json\/wp\/v2\/posts\/11036\/revisions\/11038"}],"wp:featuredmedia":[{"embeddable":true,"href":"http:\/\/alms.ajp.edu.pl\/index.php\/wp-json\/wp\/v2\/media\/11037"}],"wp:attachment":[{"href":"http:\/\/alms.ajp.edu.pl\/index.php\/wp-json\/wp\/v2\/media?parent=11036"}],"wp:term":[{"taxonomy":"category","embeddable":true,"href":"http:\/\/alms.ajp.edu.pl\/index.php\/wp-json\/wp\/v2\/categories?post=11036"},{"taxonomy":"post_tag","embeddable":true,"href":"http:\/\/alms.ajp.edu.pl\/index.php\/wp-json\/wp\/v2\/tags?post=11036"}],"curies":[{"name":"wp","href":"https:\/\/api.w.org\/{rel}","templated":true}]}}