{"id":10778,"date":"2023-09-28T07:42:27","date_gmt":"2023-09-28T05:42:27","guid":{"rendered":"http:\/\/alms.ajp.edu.pl\/?p=10778"},"modified":"2023-09-28T07:42:27","modified_gmt":"2023-09-28T05:42:27","slug":"europejski-dzien-jezykow","status":"publish","type":"post","link":"http:\/\/alms.ajp.edu.pl\/index.php\/2023\/09\/28\/europejski-dzien-jezykow\/","title":{"rendered":"Europejski Dzie\u0144 J\u0119zyk\u00f3w"},"content":{"rendered":"\n<figure class=\"wp-block-image size-large\"><img loading=\"lazy\" decoding=\"async\" width=\"1024\" height=\"722\" src=\"http:\/\/alms.ajp.edu.pl\/wp-content\/uploads\/2023\/09\/image-3-1024x722.png\" alt=\"\" class=\"wp-image-10779\" srcset=\"http:\/\/alms.ajp.edu.pl\/wp-content\/uploads\/2023\/09\/image-3-1024x722.png 1024w, http:\/\/alms.ajp.edu.pl\/wp-content\/uploads\/2023\/09\/image-3-300x211.png 300w, http:\/\/alms.ajp.edu.pl\/wp-content\/uploads\/2023\/09\/image-3-768x541.png 768w, http:\/\/alms.ajp.edu.pl\/wp-content\/uploads\/2023\/09\/image-3-1536x1083.png 1536w, http:\/\/alms.ajp.edu.pl\/wp-content\/uploads\/2023\/09\/image-3-2048x1444.png 2048w\" sizes=\"auto, (max-width: 1024px) 100vw, 1024px\" \/><\/figure>\n\n\n\n<p>26 wrze\u015bnia 2023<\/p>\n\n\n\n<p>W Niemczech? W Polsce? A mo\u017ce gdzie\u015b w Wielkiej Brytanii? Nie ma problemu, nasi uczniowie porozumiej\u0105 si\u0119 wsz\u0119dzie! W Europejskim Dniu J\u0119zyk\u00f3w by\u0142o to wida\u0107 jak na d\u0142oni. Pracowali w j\u0119zyku angielskim jak i niemieckim, stworzyli fantastyczne plakaty i mapy my\u015bli pe\u0142ne przydatnych s\u0142\u00f3wek i wyra\u017ce\u0144, a przy tym \u015bwietnie si\u0119 bawili. Ponadto, podszlifowali swoje umiej\u0119tno\u015bci j\u0119zykowe s\u0142uchaj\u0105c TED Talks, z kt\u00f3rych dowiedzieli si\u0119 jakie s\u0105 najlepsze metody by sta\u0107 si\u0119 poliglot\u0105. Jednym s\u0142owem, jak co roku Europejski Dzie\u0144 J\u0119zyk\u00f3w by\u0142 dla uczni\u00f3w ALMS po\u0142\u0105czeniem nauki j\u0119zyka z dobr\u0105 zabaw\u0105.<\/p>\n","protected":false},"excerpt":{"rendered":"<p>26 wrze\u015bnia 2023 W Niemczech? W Polsce? A mo\u017ce gdzie\u015b w Wielkiej Brytanii? Nie ma problemu, nasi uczniowie porozumiej\u0105 si\u0119 wsz\u0119dzie! W Europejskim Dniu J\u0119zyk\u00f3w by\u0142o to wida\u0107 jak na d\u0142oni. Pracowali w j\u0119zyku angielskim jak i niemieckim, stworzyli fantastyczne&hellip; <\/p>\n","protected":false},"author":2,"featured_media":0,"comment_status":"closed","ping_status":"closed","sticky":false,"template":"","format":"standard","meta":{"footnotes":""},"categories":[2],"tags":[],"class_list":["post-10778","post","type-post","status-publish","format-standard","hentry","category-aktualnosci"],"_links":{"self":[{"href":"http:\/\/alms.ajp.edu.pl\/index.php\/wp-json\/wp\/v2\/posts\/10778","targetHints":{"allow":["GET"]}}],"collection":[{"href":"http:\/\/alms.ajp.edu.pl\/index.php\/wp-json\/wp\/v2\/posts"}],"about":[{"href":"http:\/\/alms.ajp.edu.pl\/index.php\/wp-json\/wp\/v2\/types\/post"}],"author":[{"embeddable":true,"href":"http:\/\/alms.ajp.edu.pl\/index.php\/wp-json\/wp\/v2\/users\/2"}],"replies":[{"embeddable":true,"href":"http:\/\/alms.ajp.edu.pl\/index.php\/wp-json\/wp\/v2\/comments?post=10778"}],"version-history":[{"count":1,"href":"http:\/\/alms.ajp.edu.pl\/index.php\/wp-json\/wp\/v2\/posts\/10778\/revisions"}],"predecessor-version":[{"id":10780,"href":"http:\/\/alms.ajp.edu.pl\/index.php\/wp-json\/wp\/v2\/posts\/10778\/revisions\/10780"}],"wp:attachment":[{"href":"http:\/\/alms.ajp.edu.pl\/index.php\/wp-json\/wp\/v2\/media?parent=10778"}],"wp:term":[{"taxonomy":"category","embeddable":true,"href":"http:\/\/alms.ajp.edu.pl\/index.php\/wp-json\/wp\/v2\/categories?post=10778"},{"taxonomy":"post_tag","embeddable":true,"href":"http:\/\/alms.ajp.edu.pl\/index.php\/wp-json\/wp\/v2\/tags?post=10778"}],"curies":[{"name":"wp","href":"https:\/\/api.w.org\/{rel}","templated":true}]}}