{"id":10748,"date":"2023-09-21T11:41:37","date_gmt":"2023-09-21T09:41:37","guid":{"rendered":"http:\/\/alms.ajp.edu.pl\/?p=10748"},"modified":"2023-09-21T12:21:24","modified_gmt":"2023-09-21T10:21:24","slug":"szkola-myslenia-pozytywnego","status":"publish","type":"post","link":"http:\/\/alms.ajp.edu.pl\/index.php\/2023\/09\/21\/szkola-myslenia-pozytywnego\/","title":{"rendered":""},"content":{"rendered":"\n<figure class=\"wp-block-image size-full\"><a href=\"http:\/\/alms.ajp.edu.pl\/index.php\/szkola-myslenia-pozytywnego\/\"><img decoding=\"async\" src=\"http:\/\/alms.ajp.edu.pl\/wp-content\/uploads\/2023\/09\/Logo-SMP.png\" alt=\"\" class=\"wp-image-10732\"\/><\/a><\/figure>\n\n\n\n<div style=\"height:30px\" aria-hidden=\"true\" class=\"wp-block-spacer\"><\/div>\n\n\n\n<p>Szko\u0142a My\u015blenia Pozytywnego to autorski program certyfikacyjny stworzony i realizowany od 2016 przez Fundacj\u0119 \u201eInstytut Edukacji Pozytywnej\u201d.<\/p>\n\n\n\n<p>G\u0142\u00f3wnym celem Programu jest promocja i profilaktyka zdrowia psychicznego dzieci i m\u0142odzie\u017cy oraz nauka jak dba\u0107 o dobrostan psychiczny, co na niego wp\u0142ywa i jak on wp\u0142ywa na nasze funkcjonowanie. Szko\u0142a My\u015blenia Pozytywnego to roczna przygoda pe\u0142na wra\u017ce\u0144, empatii, zrozumienia i pracy nad otwarto\u015bci\u0105, holistycznym dbaniem o zdrowie, o siebie i otoczenie. W czasie trwania Programu, wsp\u00f3lnie przechodzimy przez r\u00f3\u017cnorodne aspekty wp\u0142ywaj\u0105ce na zdrowie psychiczne zar\u00f3wno dzieci i m\u0142odzie\u017cy oraz os\u00f3b doros\u0142ych z ich otoczenia.<\/p>\n\n\n\n<p>W roku szkolnym 2023\/2024 po raz pierwszy ALMS przyst\u0105pi\u0142o to realizacji programu w swoich murach! Realizacja zada\u0144 SMP <strong>to okazja do wyj\u0105tkowej pracy z uczniami i uczennicami po\u0142\u0105czona z niestandardowymi aktywno\u015bciami anga\u017cuj\u0105cymi tak\u017ce nauczycieli i rodzic\u00f3w.<\/strong><\/p>\n\n\n\n<p>W ramach SMP plac\u00f3wki uczestnicz\u0105 w szkoleniach, warsztatach, programach dedykowanych, samodzielnie realizuj\u0105 co miesi\u0105c szereg wyzwa\u0144 anga\u017cuj\u0105c w to ca\u0142e spo\u0142eczno\u015bci szkolne (uczni\u00f3w, uczennice, nauczycieli, rodzic\u00f3w i mieszka\u0144c\u00f3w swoich miast). Ka\u017cdy miesi\u0105c to nowe zadania, nowe tematy i nowe mo\u017cliwo\u015bci na kreatywne dzia\u0142ania!<\/p>\n\n\n\n<p class=\"has-vivid-green-cyan-color has-text-color\"><em><strong>W tym roku skoncentrujemy si\u0119 na problemie kryzysu zdrowia psychicznego dzieci i m\u0142odzie\u017cy.<\/strong><\/em><\/p>\n\n\n\n<p>B\u0119dziemy wsp\u00f3lnie poszukiwa\u0107 rozwi\u0105za\u0144 i narz\u0119dzi wspieraj\u0105cych czynniki ochronne. Nie jest ju\u017c dla nikogo tajemnic\u0105, \u017ce wielu m\u0142odych ludzi do\u015bwiadcza r\u00f3\u017cnych trudno\u015bci emocjonalnych i psychicznych (zar\u00f3wno w szkole, jak i poza ni\u0105), takich jak depresja, l\u0119ki, efekty d\u0142ugotrwa\u0142ego stresu, zaburzenia od\u017cywiania czy zachowania autodestrukcyjne. Program certyfikacyjny ma by\u0107 punktem wyj\u015bcia do rozmowy, budowania \u015bwiadomo\u015bci oraz efektywnej praktyki profilaktycznej stosowanej od najm\u0142odszych lat.<\/p>\n\n\n\n<p>W jakich obszarach b\u0119dziemy dzia\u0142a\u0107 w tym roku szkolnym?<\/p>\n\n\n\n<p>\u2022 Bezpiecze\u0144stwo<\/p>\n\n\n\n<p>\u2022 Stres<\/p>\n\n\n\n<p>\u2022 Motywacja<\/p>\n\n\n\n<p>\u2022 L\u0119ki<\/p>\n\n\n\n<p>\u2022 Samoocena<\/p>\n\n\n\n<p>\u2022 Kreatywno\u015b\u0107<\/p>\n\n\n\n<p>\u2022 Edukacja w\u0142\u0105czaj\u0105ca<\/p>\n\n\n\n<p>\u2022 Wsp\u00f3\u0142praca Szko\u0142a-Dom<\/p>\n\n\n\n<p>\u2022 Autoprezentacja i kreowanie swojego wizerunku, rozumienie nowych medi\u00f3w<\/p>\n\n\n\n<p>\u2022 Uwa\u017cno\u015b\u0107<strong><em><\/em><\/strong><\/p>\n\n\n\n<p>Koordynatorem Programu w ALMS jest nasza szkolna pani psycholog, Magdalena Mielczarek-Snopek.<\/p>\n\n\n\n<p>O Programie oraz dzia\u0142aniach Instytutu Edukacji Pozytywnej mo\u017cecie przeczyta\u0107 na stronach internetowych: <a href=\"https:\/\/programsmp.pl\/\">https:\/\/programsmp.pl\/<\/a>&nbsp; oraz <a href=\"https:\/\/instytutep.pl\/\">https:\/\/instytutep.pl\/<\/a> .<\/p>\n","protected":false},"excerpt":{"rendered":"<p>.<\/p>\n","protected":false},"author":1,"featured_media":10754,"comment_status":"closed","ping_status":"closed","sticky":true,"template":"","format":"standard","meta":{"footnotes":""},"categories":[2],"tags":[],"class_list":["post-10748","post","type-post","status-publish","format-standard","has-post-thumbnail","hentry","category-aktualnosci"],"_links":{"self":[{"href":"http:\/\/alms.ajp.edu.pl\/index.php\/wp-json\/wp\/v2\/posts\/10748","targetHints":{"allow":["GET"]}}],"collection":[{"href":"http:\/\/alms.ajp.edu.pl\/index.php\/wp-json\/wp\/v2\/posts"}],"about":[{"href":"http:\/\/alms.ajp.edu.pl\/index.php\/wp-json\/wp\/v2\/types\/post"}],"author":[{"embeddable":true,"href":"http:\/\/alms.ajp.edu.pl\/index.php\/wp-json\/wp\/v2\/users\/1"}],"replies":[{"embeddable":true,"href":"http:\/\/alms.ajp.edu.pl\/index.php\/wp-json\/wp\/v2\/comments?post=10748"}],"version-history":[{"count":10,"href":"http:\/\/alms.ajp.edu.pl\/index.php\/wp-json\/wp\/v2\/posts\/10748\/revisions"}],"predecessor-version":[{"id":10762,"href":"http:\/\/alms.ajp.edu.pl\/index.php\/wp-json\/wp\/v2\/posts\/10748\/revisions\/10762"}],"wp:featuredmedia":[{"embeddable":true,"href":"http:\/\/alms.ajp.edu.pl\/index.php\/wp-json\/wp\/v2\/media\/10754"}],"wp:attachment":[{"href":"http:\/\/alms.ajp.edu.pl\/index.php\/wp-json\/wp\/v2\/media?parent=10748"}],"wp:term":[{"taxonomy":"category","embeddable":true,"href":"http:\/\/alms.ajp.edu.pl\/index.php\/wp-json\/wp\/v2\/categories?post=10748"},{"taxonomy":"post_tag","embeddable":true,"href":"http:\/\/alms.ajp.edu.pl\/index.php\/wp-json\/wp\/v2\/tags?post=10748"}],"curies":[{"name":"wp","href":"https:\/\/api.w.org\/{rel}","templated":true}]}}