{"id":10726,"date":"2023-09-20T07:51:32","date_gmt":"2023-09-20T05:51:32","guid":{"rendered":"http:\/\/alms.ajp.edu.pl\/?p=10726"},"modified":"2023-09-21T11:52:13","modified_gmt":"2023-09-21T09:52:13","slug":"narodowe-czytanie-2023","status":"publish","type":"post","link":"http:\/\/alms.ajp.edu.pl\/index.php\/2023\/09\/20\/narodowe-czytanie-2023\/","title":{"rendered":"Narodowe Czytanie 2023"},"content":{"rendered":"\n<figure class=\"wp-block-image size-large\"><img loading=\"lazy\" decoding=\"async\" width=\"768\" height=\"1024\" src=\"http:\/\/alms.ajp.edu.pl\/wp-content\/uploads\/2023\/09\/1-1-768x1024.jpg\" alt=\"\" class=\"wp-image-10727\"\/><\/figure>\n\n\n\n<p>Dzi\u015b po raz kolejny w\u0142\u0105czyli\u015bmy si\u0119 w akcj\u0119 Narodowego Czytania. Tegoroczna edycja skupia\u0142a si\u0119 na &#8222;Nad Niemnem&#8221; Elizy Orzeszkowej.<\/p>\n\n\n\n<p>Fragmenty powie\u015bci z malowniczymi krajobrazami, skomplikowanymi postaciami i niezwyk\u0142ym kunsztem j\u0119zykowym pozytywistycznej pisarki, odczytywali zar\u00f3wno uczniowie szko\u0142y, jak i znamienity go\u015b\u0107 wydarzenia &#8211; Rektor Akademii Jakuba z Parady\u017ca, prof. dr hab. El\u017cbieta Skorupska-Raczy\u0144ska.<\/p>\n\n\n\n<p>Uczniowie s\u0142uchali w skupieniu i z zainteresowaniem, a ca\u0142a spo\u0142eczno\u015b\u0107 szkolna ponownie zdecydowa\u0142a si\u0119 na promowanie czytelnictwa, a zw\u0142aszcza czytania polskich arcydzie\u0142 literackich.<\/p>\n\n\n\n<p>Za udzia\u0142 i przygotowanie akcji serdecznie dzi\u0119kujemy!<\/p>\n\n\n\n<p>Na foto relacj\u0119 zapraszamy na naszego FB <\/p>\n","protected":false},"excerpt":{"rendered":"<p>Dzi\u015b po raz kolejny w\u0142\u0105czyli\u015bmy si\u0119 w akcj\u0119 Narodowego Czytania. Tegoroczna edycja skupia\u0142a si\u0119 na &#8222;Nad Niemnem&#8221; Elizy Orzeszkowej. Fragmenty powie\u015bci z malowniczymi krajobrazami, skomplikowanymi postaciami i niezwyk\u0142ym kunsztem j\u0119zykowym pozytywistycznej pisarki, odczytywali zar\u00f3wno uczniowie szko\u0142y, jak i znamienity go\u015b\u0107&hellip; <\/p>\n","protected":false},"author":2,"featured_media":0,"comment_status":"closed","ping_status":"closed","sticky":false,"template":"","format":"standard","meta":{"footnotes":""},"categories":[2],"tags":[],"class_list":["post-10726","post","type-post","status-publish","format-standard","hentry","category-aktualnosci"],"_links":{"self":[{"href":"http:\/\/alms.ajp.edu.pl\/index.php\/wp-json\/wp\/v2\/posts\/10726","targetHints":{"allow":["GET"]}}],"collection":[{"href":"http:\/\/alms.ajp.edu.pl\/index.php\/wp-json\/wp\/v2\/posts"}],"about":[{"href":"http:\/\/alms.ajp.edu.pl\/index.php\/wp-json\/wp\/v2\/types\/post"}],"author":[{"embeddable":true,"href":"http:\/\/alms.ajp.edu.pl\/index.php\/wp-json\/wp\/v2\/users\/2"}],"replies":[{"embeddable":true,"href":"http:\/\/alms.ajp.edu.pl\/index.php\/wp-json\/wp\/v2\/comments?post=10726"}],"version-history":[{"count":1,"href":"http:\/\/alms.ajp.edu.pl\/index.php\/wp-json\/wp\/v2\/posts\/10726\/revisions"}],"predecessor-version":[{"id":10728,"href":"http:\/\/alms.ajp.edu.pl\/index.php\/wp-json\/wp\/v2\/posts\/10726\/revisions\/10728"}],"wp:attachment":[{"href":"http:\/\/alms.ajp.edu.pl\/index.php\/wp-json\/wp\/v2\/media?parent=10726"}],"wp:term":[{"taxonomy":"category","embeddable":true,"href":"http:\/\/alms.ajp.edu.pl\/index.php\/wp-json\/wp\/v2\/categories?post=10726"},{"taxonomy":"post_tag","embeddable":true,"href":"http:\/\/alms.ajp.edu.pl\/index.php\/wp-json\/wp\/v2\/tags?post=10726"}],"curies":[{"name":"wp","href":"https:\/\/api.w.org\/{rel}","templated":true}]}}